{"id":20045,"date":"2025-03-19T09:46:21","date_gmt":"2025-03-19T09:46:21","guid":{"rendered":"https:\/\/vis.ba\/?p=20045"},"modified":"2025-09-09T07:24:44","modified_gmt":"2025-09-09T07:24:44","slug":"obuka-i-razvoj-kadrova","status":"publish","type":"post","link":"https:\/\/vis.ba\/de\/obuka-i-razvoj-kadrova\/","title":{"rendered":"Schulung und Personalentwicklung"},"content":{"rendered":"<div data-elementor-type=\"wp-post\" data-elementor-id=\"20045\" class=\"elementor elementor-20045\" data-elementor-post-type=\"post\">\n\t\t\t\t<div data-particle_enable=\"false\" data-particle-mobile-disabled=\"false\" class=\"elementor-element elementor-element-1c67351c e-flex e-con-boxed e-con e-parent\" data-id=\"1c67351c\" data-element_type=\"container\">\n\t\t\t\t\t<div class=\"e-con-inner\">\n\t\t\t\t<div class=\"elementor-element elementor-element-675cbdd5 elementor-widget elementor-widget-text-editor\" data-id=\"675cbdd5\" data-element_type=\"widget\" data-widget_type=\"text-editor.default\">\n\t\t\t\t<div class=\"elementor-widget-container\">\n\t\t\t\t\t\t\t\t\t<p>Als sozial verantwortungsvolles Unternehmen entwickeln und implementieren wir seit \u00fcber 10 Jahren ein internes duales Ausbildungssystem.<br>Unser Programm ist darauf ausgerichtet, jungen Menschen mit oder ohne Vorerfahrung die M\u00f6glichkeit zu geben, die f\u00fcr die Arbeit im Bereich der Zerspanung erforderlichen Kenntnisse und F\u00e4higkeiten zu erwerben.<\/p>\n<p>Die Ausbildung besteht aus einem theoretischen und einem praktischen Teil. Im theoretischen Teil erwerben die Teilnehmer Grundkenntnisse in Werkstoffen, Metallbearbeitungstechnologie, technischem Zeichnen und der Interpretation technischer Zeichnungen. Der praktische Teil wird in unserer Produktion mit Unterst\u00fctzung erfahrener Mentoren und an modernen Maschinen und Werkzeugen durchgef\u00fchrt.<\/p>\n<p>Den erfolgreichsten Teilnehmern bieten wir eine Anstellung in unserem Unternehmen an, w\u00e4hrend die \u00fcbrigen das Programm als kompetente und wettbewerbsf\u00e4hige Fachkr\u00e4fte abschlie\u00dfen, die bereit f\u00fcr den Arbeitsmarkt sind. Unser Ansatz ist inklusiv und steht allen jungen Menschen offen, die lernen und sich weiterentwickeln m\u00f6chten, unabh\u00e4ngig von Geschlecht, sozialem Status oder bisheriger Ausbildung.<\/p>\n<p>Indem wir in das Wissen und die Ausbildung neuer Generationen investieren, legen wir den Grundstein f\u00fcr eine langfristige und nachhaltige Entwicklung im Einklang mit den ESG-Prinzipien und unserer Vision eines verantwortungsvollen Wirtschaftens.<\/p>\t\t\t\t\t\t\t\t<\/div>\n\t\t\t\t<\/div>\n\t\t\t\t\t<\/div>\n\t\t\t\t<\/div>\n\t\t\t\t<\/div>","protected":false},"excerpt":{"rendered":"<p>Als sozial verantwortungsvolles Unternehmen entwickeln und implementieren wir seit \u00fcber 10 Jahren ein internes duales Ausbildungssystem.<\/p>","protected":false},"author":2,"featured_media":0,"comment_status":"closed","ping_status":"closed","sticky":false,"template":"","format":"standard","meta":{"_eb_attr":"","footnotes":""},"categories":[1,97],"tags":[98],"class_list":["post-20045","post","type-post","status-publish","format-standard","hentry","category-aktuelno","category-drustvena-odgovornost","tag-esg-drustvenaodgovornost"],"_links":{"self":[{"href":"https:\/\/vis.ba\/de\/wp-json\/wp\/v2\/posts\/20045","targetHints":{"allow":["GET"]}}],"collection":[{"href":"https:\/\/vis.ba\/de\/wp-json\/wp\/v2\/posts"}],"about":[{"href":"https:\/\/vis.ba\/de\/wp-json\/wp\/v2\/types\/post"}],"author":[{"embeddable":true,"href":"https:\/\/vis.ba\/de\/wp-json\/wp\/v2\/users\/2"}],"replies":[{"embeddable":true,"href":"https:\/\/vis.ba\/de\/wp-json\/wp\/v2\/comments?post=20045"}],"version-history":[{"count":10,"href":"https:\/\/vis.ba\/de\/wp-json\/wp\/v2\/posts\/20045\/revisions"}],"predecessor-version":[{"id":22169,"href":"https:\/\/vis.ba\/de\/wp-json\/wp\/v2\/posts\/20045\/revisions\/22169"}],"wp:attachment":[{"href":"https:\/\/vis.ba\/de\/wp-json\/wp\/v2\/media?parent=20045"}],"wp:term":[{"taxonomy":"category","embeddable":true,"href":"https:\/\/vis.ba\/de\/wp-json\/wp\/v2\/categories?post=20045"},{"taxonomy":"post_tag","embeddable":true,"href":"https:\/\/vis.ba\/de\/wp-json\/wp\/v2\/tags?post=20045"}],"curies":[{"name":"wp","href":"https:\/\/api.w.org\/{rel}","templated":true}]}}